{"id":1897,"date":"2013-08-09T11:00:40","date_gmt":"2013-08-09T11:00:40","guid":{"rendered":"http:\/\/nina-roth.de\/?p=1897"},"modified":"2015-03-08T22:16:41","modified_gmt":"2015-03-08T22:16:41","slug":"das-madchen-in-der-strasenbahn","status":"publish","type":"post","link":"http:\/\/nina-roth.de\/?p=1897","title":{"rendered":"Das M\u00e4dchen in der Stra\u00dfenbahn"},"content":{"rendered":"<p>Auf meiner Reise durch Wien sitze ich in der Stra\u00dfenbahn, schaue mir die Geb\u00e4ude und das Treiben der Stadt an und tr\u00e4ume vor mich hin. Es ist Mittagszeit und au\u00dfergew\u00f6hnlich hei\u00df. Die Stra\u00dfenbahn h\u00e4lt und ein M\u00e4dchen steigt ein. Sie setzt sich schr\u00e4g gegen\u00fcber von mir auf den Sitz.<!--more-->Die hei\u00dfe Luft wird enger. Eine Welle von Traumatisierung und Gewalt schl\u00e4gt mir entgegen. Das M\u00e4dchen ist vielleicht elf, vielleicht zw\u00f6lf Jahre alt. Eine tragische Erscheinung. Die Haare dunkel und schulterlang. Sie haben seit Wochen weder Kamm noch Shampoo gesehen. Ein T-Shirt, das mehr Flecken hat als keine; eine t\u00fcrkisfarbene, verdreckte Legging und Sockies, die nicht mehr das Ursprungsmuster erahnen lassen &#8211; daf\u00fcr keine Schuhe.<br \/>\nDas Gesicht des M\u00e4dchens k\u00f6nnte einer Greisin geh\u00f6ren. Der Blick nicht verwirrt, aber so stumpf, dass es weh tut. Harte Linien, die viel zu tief f\u00fcr ihr Alter sind, durchziehen die schmutzige Haut.<br \/>\nSie hat sich offensichtlich eingen\u00e4sst, aber sp\u00fcrt die Scham dazu nicht. Dazu ist das, was sie zu dem gemacht hat, was sie ist, zu dumpf, zu massiv, zu tragisch.<br \/>\nDas M\u00e4dchen ist nicht so auf die Welt gekommen. Wer war dabei? Wer hat daf\u00fcr &#8222;gesorgt&#8220;, dass dieses Wesen so zerst\u00f6rt wurde..?<br \/>\nUnd was kann man tun? Das M\u00e4dchen macht keinen orientierungslosen Eindruck. Sollte man es &#8222;in Obhut&#8220; geben und ihr so das letzte bisschen Freiheit nehmen? Sollte man ihre Haare k\u00e4mmen und damit \u00e4u\u00dferliche Schadensbegrenzung betreiben, wo innen alles kaputt ist?<br \/>\nEs f\u00e4llt mir schwer, Luft zu holen. Wie k\u00f6nnen wir in solchen Wohlstandsgesellschaften leben, unser ach so soziales Engagement betonen, so lange es solche Menschen zwischen uns gibt? Was stellen wir uns so gerne als die Guten und Tollen hin; dabei lassen wir zu, dass Wesen zerfetzt werden!<br \/>\nDas M\u00e4dchen steigt nach 2 Stationen zielstrebig aus und geht. Ich sitze traurig, voll Mitleid, hilflos und w\u00fctend da, weil ich nicht begreifen m\u00f6chte, dass wir als Gesellschaft so etwas zulassen. Mir kommt ein Satz einer guten Freundin in den Sinn: &#8222;Wenn Menschen so sind, m\u00f6chte ich kein Mensch sein&#8230;&#8220;. Ja, ich sch\u00e4me mich, ein Mensch zu sein, der Teil davon ist, dass solche Dinge geschehen&#8230;<\/p>\n","protected":false},"excerpt":{"rendered":"<p>Auf meiner Reise durch Wien sitze ich in der Stra\u00dfenbahn, schaue mir die Geb\u00e4ude und das Treiben der Stadt an und tr\u00e4ume vor mich hin. Es ist Mittagszeit und au\u00dfergew\u00f6hnlich hei\u00df. Die Stra\u00dfenbahn h\u00e4lt und ein M\u00e4dchen steigt ein. Sie &hellip; <a href=\"http:\/\/nina-roth.de\/?p=1897\">Weiterlesen <span class=\"meta-nav\">&rarr;<\/span><\/a><\/p>\n","protected":false},"author":2,"featured_media":1899,"comment_status":"open","ping_status":"open","sticky":false,"template":"","format":"standard","meta":{"footnotes":""},"categories":[12],"tags":[],"_links":{"self":[{"href":"http:\/\/nina-roth.de\/index.php?rest_route=\/wp\/v2\/posts\/1897"}],"collection":[{"href":"http:\/\/nina-roth.de\/index.php?rest_route=\/wp\/v2\/posts"}],"about":[{"href":"http:\/\/nina-roth.de\/index.php?rest_route=\/wp\/v2\/types\/post"}],"author":[{"embeddable":true,"href":"http:\/\/nina-roth.de\/index.php?rest_route=\/wp\/v2\/users\/2"}],"replies":[{"embeddable":true,"href":"http:\/\/nina-roth.de\/index.php?rest_route=%2Fwp%2Fv2%2Fcomments&post=1897"}],"version-history":[{"count":5,"href":"http:\/\/nina-roth.de\/index.php?rest_route=\/wp\/v2\/posts\/1897\/revisions"}],"predecessor-version":[{"id":6330,"href":"http:\/\/nina-roth.de\/index.php?rest_route=\/wp\/v2\/posts\/1897\/revisions\/6330"}],"wp:featuredmedia":[{"embeddable":true,"href":"http:\/\/nina-roth.de\/index.php?rest_route=\/wp\/v2\/media\/1899"}],"wp:attachment":[{"href":"http:\/\/nina-roth.de\/index.php?rest_route=%2Fwp%2Fv2%2Fmedia&parent=1897"}],"wp:term":[{"taxonomy":"category","embeddable":true,"href":"http:\/\/nina-roth.de\/index.php?rest_route=%2Fwp%2Fv2%2Fcategories&post=1897"},{"taxonomy":"post_tag","embeddable":true,"href":"http:\/\/nina-roth.de\/index.php?rest_route=%2Fwp%2Fv2%2Ftags&post=1897"}],"curies":[{"name":"wp","href":"https:\/\/api.w.org\/{rel}","templated":true}]}}